{"id":7677,"date":"2026-04-27T22:06:00","date_gmt":"2026-04-27T20:06:00","guid":{"rendered":"https:\/\/hess.priv.no\/?p=7677"},"modified":"2026-04-28T01:19:28","modified_gmt":"2026-04-27T23:19:28","slug":"baten-er-pa-sjoen-sommeren-kan-komme","status":"publish","type":"post","link":"https:\/\/hess.priv.no\/?p=7677","title":{"rendered":"B\u00e5ten er p\u00e5 sj\u00f8en! Sommeren kan komme"},"content":{"rendered":"\n<p>Denne helgen har vi sett fram til lenge. Og den skuffet ikke. Med sv\u00e6rt pent v\u00e6r, bl\u00e5 himmel og ellers en fin Solgl\u00f8tt-stemning s\u00e5 gj\u00f8v vi l\u00f8s p\u00e5 \u00e5rets b\u00e5tslipp. F\u00f8rst brukte vi l\u00f8rdagen til \u00e5 tappe av alt vannet! Det var igjen ufattelig mye vann inn i b\u00e5ten. Flere hundre liter m\u00e5 det ha v\u00e6rt, og tok dr\u00f8ye 20 minutter med lensepumpen f\u00f8r det var noenlunde tomt. <\/p>\n\n\n\n<p>Deretter ble den skikkelig vasket, og delvis vokset. Ren og pen var den egentlig, da vi vasket den etter sist sesong. Selve sj\u00f8settingen m\u00e5tte utsettes til s\u00f8ndag, da det ikke var nok batteri til \u00e5 starte den etter \u00e5 ha brukt mye str\u00f8m p\u00e5 \u00e5 pumpe vann. Dagen etter var batteriet totalt oppladet og motoren p\u00e5 Berita 2 startet som en klokke. <\/p>\n\n\n\n<p>P\u00e5 den annen side har mauren meldt sin ankomst. B\u00e5de i the master&#8217;s bedroom og p\u00e5 kj\u00f8kkenet. Listene ble tatt ned og jeg fors\u00f8kte \u00e5 tette dem. Det virker som mauren er smart, for etter noen timer har den funnet en annen vei. Jeg tror vi m\u00e5 ta med spikerpistolen og f\u00e5 tettet bak alle listene. Dette orker vi ikke lenger. <\/p>\n\n\n\n<figure class=\"wp-block-image size-large\"><img loading=\"lazy\" decoding=\"async\" width=\"1024\" height=\"577\" src=\"https:\/\/hess.priv.no\/wp-content\/uploads\/2026\/04\/20260426_140101-1024x577.jpg\" alt=\"\" class=\"wp-image-7681\" srcset=\"https:\/\/hess.priv.no\/wp-content\/uploads\/2026\/04\/20260426_140101-1024x577.jpg 1024w, https:\/\/hess.priv.no\/wp-content\/uploads\/2026\/04\/20260426_140101-300x169.jpg 300w, https:\/\/hess.priv.no\/wp-content\/uploads\/2026\/04\/20260426_140101-768x432.jpg 768w, https:\/\/hess.priv.no\/wp-content\/uploads\/2026\/04\/20260426_140101-1536x865.jpg 1536w, https:\/\/hess.priv.no\/wp-content\/uploads\/2026\/04\/20260426_140101-2048x1153.jpg 2048w\" sizes=\"auto, (max-width: 1024px) 100vw, 1024px\" \/><\/figure>\n","protected":false},"excerpt":{"rendered":"<p>Denne helgen har vi sett fram til lenge. Og den skuffet ikke. Med sv\u00e6rt pent v\u00e6r, bl\u00e5 himmel og ellers en fin Solgl\u00f8tt-stemning s\u00e5 gj\u00f8v vi l\u00f8s p\u00e5 \u00e5rets b\u00e5tslipp. F\u00f8rst brukte vi l\u00f8rdagen til \u00e5 tappe av alt vannet! Det var igjen ufattelig mye vann inn i b\u00e5ten. Flere hundre liter m\u00e5 det ha [&hellip;]<\/p>\n","protected":false},"author":1,"featured_media":7680,"comment_status":"closed","ping_status":"","sticky":false,"template":"","format":"standard","meta":{"footnotes":""},"categories":[1],"tags":[],"class_list":["post-7677","post","type-post","status-publish","format-standard","has-post-thumbnail","hentry","category-diverse","eq-blocks"],"_links":{"self":[{"href":"https:\/\/hess.priv.no\/index.php?rest_route=\/wp\/v2\/posts\/7677","targetHints":{"allow":["GET"]}}],"collection":[{"href":"https:\/\/hess.priv.no\/index.php?rest_route=\/wp\/v2\/posts"}],"about":[{"href":"https:\/\/hess.priv.no\/index.php?rest_route=\/wp\/v2\/types\/post"}],"author":[{"embeddable":true,"href":"https:\/\/hess.priv.no\/index.php?rest_route=\/wp\/v2\/users\/1"}],"replies":[{"embeddable":true,"href":"https:\/\/hess.priv.no\/index.php?rest_route=%2Fwp%2Fv2%2Fcomments&post=7677"}],"version-history":[{"count":2,"href":"https:\/\/hess.priv.no\/index.php?rest_route=\/wp\/v2\/posts\/7677\/revisions"}],"predecessor-version":[{"id":7682,"href":"https:\/\/hess.priv.no\/index.php?rest_route=\/wp\/v2\/posts\/7677\/revisions\/7682"}],"wp:featuredmedia":[{"embeddable":true,"href":"https:\/\/hess.priv.no\/index.php?rest_route=\/wp\/v2\/media\/7680"}],"wp:attachment":[{"href":"https:\/\/hess.priv.no\/index.php?rest_route=%2Fwp%2Fv2%2Fmedia&parent=7677"}],"wp:term":[{"taxonomy":"category","embeddable":true,"href":"https:\/\/hess.priv.no\/index.php?rest_route=%2Fwp%2Fv2%2Fcategories&post=7677"},{"taxonomy":"post_tag","embeddable":true,"href":"https:\/\/hess.priv.no\/index.php?rest_route=%2Fwp%2Fv2%2Ftags&post=7677"}],"curies":[{"name":"wp","href":"https:\/\/api.w.org\/{rel}","templated":true}]}}